{"id":10366,"date":"2026-03-09T23:50:52","date_gmt":"2026-03-10T03:50:52","guid":{"rendered":"https:\/\/www.radiorebelde.cu\/english\/?p=10366"},"modified":"2026-03-09T23:50:53","modified_gmt":"2026-03-10T03:50:53","slug":"historic-friendship-between-mexico-and-cuba-highlighted","status":"publish","type":"post","link":"https:\/\/www.radiorebelde.cu\/english\/historic-friendship-between-mexico-and-cuba-highlighted-09032026\/","title":{"rendered":"Historic friendship between Mexico and Cuba highlighted"},"content":{"rendered":"\n<p>Iconic and lesser-known moments of the friendship between Mexico and Cuba were featured on Monday at President Claudia Sheinbaum\u2019s regular press conference with the screening of a video about this historic relationship.<\/p>\n\n\n\n<p>\u201cThere are bonds of friendship between peoples that cross the seas and carry the winds of freedom. Mexico and Cuba are a prime example of this,\u201d stated the video presented by Jos\u00e9 Alfonso Su\u00e1rez del Real, political advisor to the Presidential Social Communication Coordination.<\/p>\n\n\n\n<p>The video recalls that, during the 19th century, breaking free from Spain\u2019s colonial rule and ending slavery was a shared aspiration between the two countries, and many Cuban liberals, such as Pedro Ampudia, joined the ranks of the Mexican insurgents to fight for national independence.<\/p>\n\n\n\n<p>Furthermore, the video adds, the two sides \u201cwere identified by a generous policy of asylum and support for refugees from both nations. (Benito Ju\u00e1rez, the Hero of the Americas) and Melchor Ocampo bore witness to this during their passage through Havana on their way into exile.\u201d<\/p>\n\n\n\n<p>It recounts that this was confirmed by the island\u2019s National Hero, Jos\u00e9 Mart\u00ed\u2014who at one point asserted that if he were not Cuban, he would have wanted to be Mexican\u2014and by the writer and journalist Pedro Santacilia.<\/p>\n\n\n\n<p>\u201cDuring the Cuban War of Independence, in April 1869, President Ju\u00e1rez recognized the right of Cubans to be free and allowed ships flying the Cuban flag to enter Mexican ports,\u201d the video explains.<\/p>\n\n\n\n<p>It adds that diplomatic relations were established in 1898 and that in 1913, the Cuban ambassador, Manuel M\u00e1rquez Sterling, \u201cwrote one of the most brilliant chapters in the history of diplomacy by openly defending President Francisco I. Madero and Vice President Jos\u00e9 Mar\u00eda Pino Su\u00e1rez.\u201d<\/p>\n\n\n\n<p>The video recalls that when Mexico decided to nationalize its oil in 1938, it received support from the island in the face of pressure from foreign powers, prompting \u201cGeneral L\u00e1zaro C\u00e1rdenas to express his gratitude for Cuba\u2019s solidarity and fraternal gesture.\u201d<\/p>\n\n\n\n<p>It also alludes to the presence in the 1950s of the historic leader of the Cuban Revolution, Fidel Castro, and his comrades in Mexico, from where they sailed across the Gulf of Mexico to begin the process of social transformation in the Caribbean nation.<\/p>\n\n\n\n<p>The capsule highlights that \u201cMexico is the only country that has never severed relations with Cuba and has maintained its unwavering support, condemning the political and economic isolation that violates international law.\u201d<\/p>\n\n\n\n<p>\u201cMexico and Cuba share a common history, and Mexican Humanism inspires and revitalizes solidarity between our nations, which seek to live by the principle that peace is the fruit of justice and respect among our peoples,\u201d it emphasizes.<\/p>\n\n\n\n<p>Currently, President Sheinbaum has expressed her support for the island and sent material aid to the Caribbean nation, amidst the tightening of the blockade imposed by the United States.<\/p>\n\n\n\n<p>[ SOURCE: PRENSA LATINA ]<\/p>\n","protected":false},"excerpt":{"rendered":"<p>Iconic and lesser-known moments of the friendship between Mexico and Cuba were featured on Monday at President Claudia Sheinbaum&rsquo;s regular press conference with the screening of a video about this&hellip; <\/p>\n","protected":false},"author":1,"featured_media":10367,"comment_status":"closed","ping_status":"closed","sticky":false,"template":"","format":"standard","meta":{"footnotes":""},"categories":[1],"tags":[],"ppma_author":[42],"class_list":["post-10366","post","type-post","status-publish","format-standard","has-post-thumbnail","hentry","category-cuba"],"authors":[{"term_id":42,"user_id":0,"is_guest":1,"slug":"radio-habana-cuba","display_name":"Radio Habana Cuba","avatar_url":"https:\/\/secure.gravatar.com\/avatar\/?s=96&d=mm&r=g","0":null,"1":"","2":"","3":"","4":"","5":"","6":"","7":"","8":""}],"_links":{"self":[{"href":"https:\/\/www.radiorebelde.cu\/english\/wp-json\/wp\/v2\/posts\/10366","targetHints":{"allow":["GET"]}}],"collection":[{"href":"https:\/\/www.radiorebelde.cu\/english\/wp-json\/wp\/v2\/posts"}],"about":[{"href":"https:\/\/www.radiorebelde.cu\/english\/wp-json\/wp\/v2\/types\/post"}],"author":[{"embeddable":true,"href":"https:\/\/www.radiorebelde.cu\/english\/wp-json\/wp\/v2\/users\/1"}],"replies":[{"embeddable":true,"href":"https:\/\/www.radiorebelde.cu\/english\/wp-json\/wp\/v2\/comments?post=10366"}],"version-history":[{"count":1,"href":"https:\/\/www.radiorebelde.cu\/english\/wp-json\/wp\/v2\/posts\/10366\/revisions"}],"predecessor-version":[{"id":10368,"href":"https:\/\/www.radiorebelde.cu\/english\/wp-json\/wp\/v2\/posts\/10366\/revisions\/10368"}],"wp:featuredmedia":[{"embeddable":true,"href":"https:\/\/www.radiorebelde.cu\/english\/wp-json\/wp\/v2\/media\/10367"}],"wp:attachment":[{"href":"https:\/\/www.radiorebelde.cu\/english\/wp-json\/wp\/v2\/media?parent=10366"}],"wp:term":[{"taxonomy":"category","embeddable":true,"href":"https:\/\/www.radiorebelde.cu\/english\/wp-json\/wp\/v2\/categories?post=10366"},{"taxonomy":"post_tag","embeddable":true,"href":"https:\/\/www.radiorebelde.cu\/english\/wp-json\/wp\/v2\/tags?post=10366"},{"taxonomy":"author","embeddable":true,"href":"https:\/\/www.radiorebelde.cu\/english\/wp-json\/wp\/v2\/ppma_author?post=10366"}],"curies":[{"name":"wp","href":"https:\/\/api.w.org\/{rel}","templated":true}]}}