{"id":11010,"date":"2026-04-28T19:50:10","date_gmt":"2026-04-28T23:50:10","guid":{"rendered":"https:\/\/www.radiorebelde.cu\/english\/?p=11010"},"modified":"2026-04-28T19:50:12","modified_gmt":"2026-04-28T23:50:12","slug":"frenchman-kylian-mbappe-suffers-injury-in-spanish-league-match","status":"publish","type":"post","link":"https:\/\/www.radiorebelde.cu\/english\/frenchman-kylian-mbappe-suffers-injury-in-spanish-league-match-28042026\/","title":{"rendered":"Frenchman Kylian Mbapp\u00e9 Suffers Injury in Spanish League Match"},"content":{"rendered":"\n<p>French footballer Kylian Mbapp\u00e9 has suffered an injury to the semitendinosus muscle of his left leg, Real Madrid\u2019s medical services reported today.<\/p>\n\n\n\n<p>Real Madrid and France\u2019s number 10 suffered an injury last Friday in his club\u2019s match against Real Betis on matchday 32 of the Spanish first division (La Liga).<\/p>\n\n\n\n<p>Mbapp\u00e9 had to be substituted in the 81st minute after feeling discomfort in one of his legs.<\/p>\n\n\n\n<p>The striker will miss the league match on matchday 33, when his team will visit the RCDE Stadium to face RCD Espanyol.<\/p>\n\n\n\n<p>With the injury to their main attacking threat, the Madrid-based club suffers another setback in addition to those of midfielder Arda G\u00fcler and defender \u00c9der Milit\u00e3o.<\/p>\n\n\n\n<p>Real Madrid are currently in second place in the Spanish league with 74 points, 11 behind Barcelona, \u200b\u200bwho lead the competition with 85 points.<\/p>\n","protected":false},"excerpt":{"rendered":"<p>French footballer Kylian Mbapp&eacute; has suffered an injury to the semitendinosus muscle of his left leg, Real Madrid&rsquo;s medical services reported today. Real Madrid and France&rsquo;s number 10 suffered an&hellip; <\/p>\n","protected":false},"author":1,"featured_media":11011,"comment_status":"closed","ping_status":"closed","sticky":false,"template":"","format":"standard","meta":{"footnotes":""},"categories":[6],"tags":[],"ppma_author":[42],"class_list":["post-11010","post","type-post","status-publish","format-standard","has-post-thumbnail","hentry","category-sports"],"authors":[{"term_id":42,"user_id":0,"is_guest":1,"slug":"radio-habana-cuba","display_name":"Radio Habana Cuba","avatar_url":"https:\/\/secure.gravatar.com\/avatar\/?s=96&d=mm&r=g","0":null,"1":"","2":"","3":"","4":"","5":"","6":"","7":"","8":""}],"_links":{"self":[{"href":"https:\/\/www.radiorebelde.cu\/english\/wp-json\/wp\/v2\/posts\/11010","targetHints":{"allow":["GET"]}}],"collection":[{"href":"https:\/\/www.radiorebelde.cu\/english\/wp-json\/wp\/v2\/posts"}],"about":[{"href":"https:\/\/www.radiorebelde.cu\/english\/wp-json\/wp\/v2\/types\/post"}],"author":[{"embeddable":true,"href":"https:\/\/www.radiorebelde.cu\/english\/wp-json\/wp\/v2\/users\/1"}],"replies":[{"embeddable":true,"href":"https:\/\/www.radiorebelde.cu\/english\/wp-json\/wp\/v2\/comments?post=11010"}],"version-history":[{"count":1,"href":"https:\/\/www.radiorebelde.cu\/english\/wp-json\/wp\/v2\/posts\/11010\/revisions"}],"predecessor-version":[{"id":11012,"href":"https:\/\/www.radiorebelde.cu\/english\/wp-json\/wp\/v2\/posts\/11010\/revisions\/11012"}],"wp:featuredmedia":[{"embeddable":true,"href":"https:\/\/www.radiorebelde.cu\/english\/wp-json\/wp\/v2\/media\/11011"}],"wp:attachment":[{"href":"https:\/\/www.radiorebelde.cu\/english\/wp-json\/wp\/v2\/media?parent=11010"}],"wp:term":[{"taxonomy":"category","embeddable":true,"href":"https:\/\/www.radiorebelde.cu\/english\/wp-json\/wp\/v2\/categories?post=11010"},{"taxonomy":"post_tag","embeddable":true,"href":"https:\/\/www.radiorebelde.cu\/english\/wp-json\/wp\/v2\/tags?post=11010"},{"taxonomy":"author","embeddable":true,"href":"https:\/\/www.radiorebelde.cu\/english\/wp-json\/wp\/v2\/ppma_author?post=11010"}],"curies":[{"name":"wp","href":"https:\/\/api.w.org\/{rel}","templated":true}]}}