{"id":11022,"date":"2026-04-28T20:18:04","date_gmt":"2026-04-29T00:18:04","guid":{"rendered":"https:\/\/www.radiorebelde.cu\/english\/?p=11022"},"modified":"2026-04-28T20:18:06","modified_gmt":"2026-04-29T00:18:06","slug":"cubas-young-communists-union-renews-its-national-bureau","status":"publish","type":"post","link":"https:\/\/www.radiorebelde.cu\/english\/cubas-young-communists-union-renews-its-national-bureau-28042026\/","title":{"rendered":"Cuba\u2019s Young Communists Union Renews its National Bureau"},"content":{"rendered":"\n<p>The National Committee of the Union of Young Communists (UJC), the organization that brings together a large part of the new generation of Cubans, at the proposal of its National Bureau and through a consultation process, removed Yanet Hern\u00e1ndez Aguilera from its membership in that body as part of a natural renewal process. Hern\u00e1ndez Aguilera had been responsible for the areas of Education, Health, and Sports.<\/p>\n\n\n\n<p>RELATED:<\/p>\n\n\n\n<p><a href=\"https:\/\/www.telesurenglish.net\/russia-delivers-medicines-cuba-blockade\/\">Russia Delivers Medicines to Cuba Amidst U.S. Blockade<\/a><\/p>\n\n\n\n<p>Meyvis Est\u00e9vez Echeverr\u00eda, First Secretary, specified on her Facebook profile that Elisbel Dur\u00e1n Borroto, until now First Secretary of the Provincial Committee in Holgu\u00edn, a position he had held since 2024, was promoted to assume this responsibility.<\/p>\n\n\n\n<p>Dur\u00e1n Borroto, a graduate in Primary Education and 35 years old, held positions in the municipal committees of Majagua, Banes, and Holgu\u00edn, before reaching the provincial leadership.<\/p>\n\n\n\n<p>Her experience enabled her to manage the organization\u2019s internal processes and organizational functioning, achieving positive results in key performance indicators.<\/p>\n\n\n<div class=\"wp-block-image\">\n<figure class=\"aligncenter is-resized\"><img decoding=\"async\" src=\"https:\/\/ikona.telesurenglish.net\/content\/uploads\/2026\/04\/UJC.jpg.webp\" alt=\"\" class=\"wp-image-149383\" style=\"width:643px;height:auto\"\/><\/figure>\n<\/div>\n\n\n<p><strong><em>Yanet Hern\u00e1ndez and Elisbel Dur\u00e1n, leaders in natural renewal processes within political organizations in Cuba. Photo: Meyvis Est\u00e9vez, Facebook<\/em><\/strong><\/p>\n\n\n\n<p>As part of her professional development, she completed a diploma program in Political Leadership of Society in 2021.<\/p>\n\n\n\n<p>Hern\u00e1ndez Aguilera was promoted to a position within the Communist Party of Cuba after more than 13 years of dedication to developing young people in various roles.<\/p>\n\n\n\n<p>The organization extended its congratulations and best wishes to both individuals in their new responsibilities.<\/p>\n\n\n\n<p>[ SOURCE: teleSUR ]<\/p>\n","protected":false},"excerpt":{"rendered":"<p>The National Committee of the Union of Young Communists (UJC), the organization that brings together a large part of the new generation of Cubans, at the proposal of its National&hellip; <\/p>\n","protected":false},"author":1,"featured_media":11023,"comment_status":"closed","ping_status":"closed","sticky":false,"template":"","format":"standard","meta":{"footnotes":""},"categories":[1],"tags":[],"ppma_author":[8],"class_list":["post-11022","post","type-post","status-publish","format-standard","has-post-thumbnail","hentry","category-cuba"],"authors":[{"term_id":8,"user_id":1,"is_guest":0,"slug":"yolaunicaquehay","display_name":"RRebeldeAdminWP","avatar_url":"https:\/\/secure.gravatar.com\/avatar\/e6145d63ff95c9a0f0e53b7149804b1faf86748d6cc15f466103269a288ea377?s=96&d=mm&r=g","0":null,"1":"","2":"","3":"","4":"","5":"","6":"","7":"","8":""}],"_links":{"self":[{"href":"https:\/\/www.radiorebelde.cu\/english\/wp-json\/wp\/v2\/posts\/11022","targetHints":{"allow":["GET"]}}],"collection":[{"href":"https:\/\/www.radiorebelde.cu\/english\/wp-json\/wp\/v2\/posts"}],"about":[{"href":"https:\/\/www.radiorebelde.cu\/english\/wp-json\/wp\/v2\/types\/post"}],"author":[{"embeddable":true,"href":"https:\/\/www.radiorebelde.cu\/english\/wp-json\/wp\/v2\/users\/1"}],"replies":[{"embeddable":true,"href":"https:\/\/www.radiorebelde.cu\/english\/wp-json\/wp\/v2\/comments?post=11022"}],"version-history":[{"count":1,"href":"https:\/\/www.radiorebelde.cu\/english\/wp-json\/wp\/v2\/posts\/11022\/revisions"}],"predecessor-version":[{"id":11024,"href":"https:\/\/www.radiorebelde.cu\/english\/wp-json\/wp\/v2\/posts\/11022\/revisions\/11024"}],"wp:featuredmedia":[{"embeddable":true,"href":"https:\/\/www.radiorebelde.cu\/english\/wp-json\/wp\/v2\/media\/11023"}],"wp:attachment":[{"href":"https:\/\/www.radiorebelde.cu\/english\/wp-json\/wp\/v2\/media?parent=11022"}],"wp:term":[{"taxonomy":"category","embeddable":true,"href":"https:\/\/www.radiorebelde.cu\/english\/wp-json\/wp\/v2\/categories?post=11022"},{"taxonomy":"post_tag","embeddable":true,"href":"https:\/\/www.radiorebelde.cu\/english\/wp-json\/wp\/v2\/tags?post=11022"},{"taxonomy":"author","embeddable":true,"href":"https:\/\/www.radiorebelde.cu\/english\/wp-json\/wp\/v2\/ppma_author?post=11022"}],"curies":[{"name":"wp","href":"https:\/\/api.w.org\/{rel}","templated":true}]}}