{"id":11047,"date":"2026-04-30T15:36:16","date_gmt":"2026-04-30T19:36:16","guid":{"rendered":"https:\/\/www.radiorebelde.cu\/english\/?p=11047"},"modified":"2026-04-30T15:36:18","modified_gmt":"2026-04-30T19:36:18","slug":"ministry-of-communications-reaffirms-call-for-may-day-parade","status":"publish","type":"post","link":"https:\/\/www.radiorebelde.cu\/english\/ministry-of-communications-reaffirms-call-for-may-day-parade-30042026\/","title":{"rendered":"Ministry of Communications reaffirms call for May Day parade"},"content":{"rendered":"\n<p>The Ministry of Communications (Mincom) reaffirmed its call for workers in the sector to participate enthusiastically in the May Day parade and open forum on May 1, 2026, International Workers\u2019 Day, at the Jos\u00e9 Mart\u00ed Anti-Imperialist Tribune in Havana.<\/p>\n\n\n\n<p>According to the institution\u2019s Facebook page, the initial gathering will take place at 4:00 a.m. at the Paseo Street Bridge, on the corner of the National Theater, alongside the Civil Defense Workers, to organize the Communications Bloc.<\/p>\n\n\n\n<p>Participants will carry Cuban flags, flags of the 26th of July Movement, and institutional flags, images of the historical leader of the Cuban Revolution, Fidel Castro Ruz, heroes and martyrs, as well as revolutionary propaganda produced by workplace collectives.<\/p>\n\n\n\n<p>At 7:00 a.m., the parade will begin along Paseo to Malec\u00f3n, where it will turn right and continue to the Jos\u00e9 Mart\u00ed Anti-Imperialist Tribune in Vedado, to participate in the Open Tribune and rally.<\/p>\n\n\n\n<p>The International Workers\u2019 Day event will serve as a call to reaffirm the unity, commitment, and steadfastness of communicators in defense of the socialist homeland.<\/p>\n\n\n\n<p>[ SOURCE: AGENCIA CUBANA DE NOTICIAS ]<\/p>\n","protected":false},"excerpt":{"rendered":"<p>The Ministry of Communications (Mincom) reaffirmed its call for workers in the sector to participate enthusiastically in the May Day parade and open forum on May 1, 2026, International Workers&rsquo;&hellip; <\/p>\n","protected":false},"author":1,"featured_media":11048,"comment_status":"closed","ping_status":"closed","sticky":false,"template":"","format":"standard","meta":{"footnotes":""},"categories":[1],"tags":[],"ppma_author":[42],"class_list":["post-11047","post","type-post","status-publish","format-standard","has-post-thumbnail","hentry","category-cuba"],"authors":[{"term_id":42,"user_id":0,"is_guest":1,"slug":"radio-habana-cuba","display_name":"Radio Habana Cuba","avatar_url":"https:\/\/secure.gravatar.com\/avatar\/?s=96&d=mm&r=g","0":null,"1":"","2":"","3":"","4":"","5":"","6":"","7":"","8":""}],"_links":{"self":[{"href":"https:\/\/www.radiorebelde.cu\/english\/wp-json\/wp\/v2\/posts\/11047","targetHints":{"allow":["GET"]}}],"collection":[{"href":"https:\/\/www.radiorebelde.cu\/english\/wp-json\/wp\/v2\/posts"}],"about":[{"href":"https:\/\/www.radiorebelde.cu\/english\/wp-json\/wp\/v2\/types\/post"}],"author":[{"embeddable":true,"href":"https:\/\/www.radiorebelde.cu\/english\/wp-json\/wp\/v2\/users\/1"}],"replies":[{"embeddable":true,"href":"https:\/\/www.radiorebelde.cu\/english\/wp-json\/wp\/v2\/comments?post=11047"}],"version-history":[{"count":1,"href":"https:\/\/www.radiorebelde.cu\/english\/wp-json\/wp\/v2\/posts\/11047\/revisions"}],"predecessor-version":[{"id":11049,"href":"https:\/\/www.radiorebelde.cu\/english\/wp-json\/wp\/v2\/posts\/11047\/revisions\/11049"}],"wp:featuredmedia":[{"embeddable":true,"href":"https:\/\/www.radiorebelde.cu\/english\/wp-json\/wp\/v2\/media\/11048"}],"wp:attachment":[{"href":"https:\/\/www.radiorebelde.cu\/english\/wp-json\/wp\/v2\/media?parent=11047"}],"wp:term":[{"taxonomy":"category","embeddable":true,"href":"https:\/\/www.radiorebelde.cu\/english\/wp-json\/wp\/v2\/categories?post=11047"},{"taxonomy":"post_tag","embeddable":true,"href":"https:\/\/www.radiorebelde.cu\/english\/wp-json\/wp\/v2\/tags?post=11047"},{"taxonomy":"author","embeddable":true,"href":"https:\/\/www.radiorebelde.cu\/english\/wp-json\/wp\/v2\/ppma_author?post=11047"}],"curies":[{"name":"wp","href":"https:\/\/api.w.org\/{rel}","templated":true}]}}