{"id":12876,"date":"2026-09-02T17:44:08","date_gmt":"2026-09-02T21:44:08","guid":{"rendered":"https:\/\/www.radiorebelde.cu\/english\/?p=12876"},"modified":"2026-09-02T17:44:10","modified_gmt":"2026-09-02T21:44:10","slug":"wfp-emphasizes-maternal-and-child-nutrition-project-in-cuba","status":"publish","type":"post","link":"https:\/\/www.radiorebelde.cu\/english\/wfp-emphasizes-maternal-and-child-nutrition-project-in-cuba-02092026\/","title":{"rendered":"WFP emphasizes maternal and child nutrition project in Cuba"},"content":{"rendered":"\n<p class=\"wp-block-paragraph\">The Nutrivida project, promoted by the World Food Program (WFP) with support from the Government of Canada and the United Nations Children\u2019s Fund (UNICEF), promotes maternal and child well-being in Cuba by providing access to a variety of quality foods.<\/p>\n\n\n\n<p class=\"wp-block-paragraph\">Zoe D\u00edaz Bernal, Nutrition Officer for the organization, told ACN that the initiative focuses on improving nutritional status and preventing and reducing anemia in vulnerable populations in the provinces of Holgu\u00edn and Mayabeque.<\/p>\n\n\n\n<p class=\"wp-block-paragraph\">The project prioritizes children up to 11 years old, pregnant women, and breastfeeding mothers in the municipalities of Mayar\u00ed, Moa, and Holgu\u00edn in eastern Cuba, as well as in Santa Cruz, Bejucal, and San Jos\u00e9 de las Lajas in western Cuba, where it strengthens local food systems and supports the delivery of supplies.<\/p>\n\n\n\n<p class=\"wp-block-paragraph\">The specialist explained that Nutrivida is based on scientific evidence and includes a baseline study to evaluate the nutritional and psychological status of the beneficiaries. For this reason, local teams are being trained in measuring anemia levels and indicators such as anthropometric measurements, including weight, height, and body mass index.<\/p>\n\n\n\n<p class=\"wp-block-paragraph\">D\u00edaz Bernal emphasized that early childhood care addresses a crucial stage of growth and development, in which adequate nutrition is essential to prevent future health and well-being problems.<\/p>\n\n\n\n<p class=\"wp-block-paragraph\">The program also serves pregnant and breastfeeding women, as their nutritional status affects the quality of pregnancy, the health of the newborn, maternal mortality, and perinatal risks, the specialist noted.<\/p>\n\n\n\n<p class=\"wp-block-paragraph\">To date, coordinating teams have been formed in each municipality, links have been established between production units and social protection networks, and the monitoring of food and supply distribution has been systematized.<\/p>\n\n\n\n<p class=\"wp-block-paragraph\">She added that the design of the baseline study has begun, and prenatal and nutritional supplements, including powdered micronutrients for children under two years old, have been acquired. Following the distribution cycles, the evolution of the indicators will be evaluated.<\/p>\n\n\n\n<p class=\"wp-block-paragraph\">The World Food Program (WFP) promotes food security in Cuba through agroecological resilience initiatives, disaster response, and the strengthening of social protection networks.<\/p>\n\n\n\n<p class=\"wp-block-paragraph\">IMAGE CREDIT: Claudia Laura Rodr\u00edguez Zaldivar | Photos: Juan Pablo Carreras<\/p>\n\n\n\n<p class=\"wp-block-paragraph\">[ SOURCE: AGENCIA CUBANA DE NOTICIAS ]<\/p>\n","protected":false},"excerpt":{"rendered":"<p>The Nutrivida project, promoted by the World Food Program (WFP) with support from the Government of Canada and the United Nations Children&rsquo;s Fund (UNICEF), promotes maternal and child well-being in&hellip; <\/p>\n","protected":false},"author":1,"featured_media":12877,"comment_status":"closed","ping_status":"closed","sticky":false,"template":"","format":"standard","meta":{"footnotes":""},"categories":[5],"tags":[],"ppma_author":[42],"class_list":["post-12876","post","type-post","status-publish","format-standard","has-post-thumbnail","hentry","category-science"],"authors":[{"term_id":42,"user_id":0,"is_guest":1,"slug":"radio-habana-cuba","display_name":"Radio Habana Cuba","avatar_url":"https:\/\/secure.gravatar.com\/avatar\/?s=96&d=mm&r=g","author_category":"","user_url":"","last_name":"","first_name":"","job_title":"","description":""}],"_links":{"self":[{"href":"https:\/\/www.radiorebelde.cu\/english\/wp-json\/wp\/v2\/posts\/12876","targetHints":{"allow":["GET"]}}],"collection":[{"href":"https:\/\/www.radiorebelde.cu\/english\/wp-json\/wp\/v2\/posts"}],"about":[{"href":"https:\/\/www.radiorebelde.cu\/english\/wp-json\/wp\/v2\/types\/post"}],"author":[{"embeddable":true,"href":"https:\/\/www.radiorebelde.cu\/english\/wp-json\/wp\/v2\/users\/1"}],"replies":[{"embeddable":true,"href":"https:\/\/www.radiorebelde.cu\/english\/wp-json\/wp\/v2\/comments?post=12876"}],"version-history":[{"count":1,"href":"https:\/\/www.radiorebelde.cu\/english\/wp-json\/wp\/v2\/posts\/12876\/revisions"}],"predecessor-version":[{"id":12878,"href":"https:\/\/www.radiorebelde.cu\/english\/wp-json\/wp\/v2\/posts\/12876\/revisions\/12878"}],"wp:featuredmedia":[{"embeddable":true,"href":"https:\/\/www.radiorebelde.cu\/english\/wp-json\/wp\/v2\/media\/12877"}],"wp:attachment":[{"href":"https:\/\/www.radiorebelde.cu\/english\/wp-json\/wp\/v2\/media?parent=12876"}],"wp:term":[{"taxonomy":"category","embeddable":true,"href":"https:\/\/www.radiorebelde.cu\/english\/wp-json\/wp\/v2\/categories?post=12876"},{"taxonomy":"post_tag","embeddable":true,"href":"https:\/\/www.radiorebelde.cu\/english\/wp-json\/wp\/v2\/tags?post=12876"},{"taxonomy":"author","embeddable":true,"href":"https:\/\/www.radiorebelde.cu\/english\/wp-json\/wp\/v2\/ppma_author?post=12876"}],"curies":[{"name":"wp","href":"https:\/\/api.w.org\/{rel}","templated":true}]}}