{"id":12927,"date":"2026-09-04T11:47:33","date_gmt":"2026-09-04T15:47:33","guid":{"rendered":"https:\/\/www.radiorebelde.cu\/english\/?p=12927"},"modified":"2026-09-04T11:47:36","modified_gmt":"2026-09-04T15:47:36","slug":"shakira-bad-bunny-aitana-shine-at-european-premios-juventud-2026","status":"publish","type":"post","link":"https:\/\/www.radiorebelde.cu\/english\/shakira-bad-bunny-aitana-shine-at-european-premios-juventud-2026-04092026\/","title":{"rendered":"Shakira, Bad Bunny, Aitana Shine at European Premios Juventud 2026"},"content":{"rendered":"\n<p class=\"wp-block-paragraph\">The first European Premios Juventud gala was held on Thursday in Marbella (M\u00e1laga), establishing Spain as a link with Europe in a night celebrating Latin music and culture.<\/p>\n\n\n\n<p class=\"wp-block-paragraph\"><strong><em>RELATED:<\/em><\/strong><\/p>\n\n\n\n<p class=\"wp-block-paragraph\"><strong><em><a href=\"https:\/\/www.telesurenglish.net\/silvio-rodriguez-reflects-on-culture-and-the-challenges-facing-cuba\/\">Silvio Rodriguez Reflects On Culture and the Challenges Facing Cuba<\/a><\/em><\/strong><\/p>\n\n\n\n<p class=\"wp-block-paragraph\">The event marked a historic milestone thanks to the alliance between the organizers, TelevisaUnivision and Starlite Marbella, after previously touring various locations such as Los Angeles, Miami, Houston in the United States, and Panama.<\/p>\n\n\n\n<p class=\"wp-block-paragraph\">In the main awards, Shakira took home three prizes, including Best Female Artist and Best Pop Song for \u2018B\u00e9same\u2019 with Alejandro Sanz. Bad Bunny won two awards: Best Male Artist and Best Tour for his \u2018Deb\u00ed tirar m\u00e1s fotos world tour\u2019. Local artist Aitana was honored with three awards: Best Euro-Song for \u2018Superestrella\u2019, Best Pop Album for \u2018Blue Bedroom\u2019, and Couple Goals for \u2018Plex\u2019.<\/p>\n\n\n\n<p class=\"wp-block-paragraph\">Karol G also won Album of the Year for \u201cTropicoqueta,\u201d as well as Best Urban Rhythmic Song for \u201cRose Summer\u201d with Feid. Alejandro Fern\u00e1ndez won My Favorite Track for \u201cIt\u2019s hurting\u201d (Me est\u00e1 doliendo) with Car\u00edn Le\u00f3n, Best Pop Ballad Song, and Best Mexican Banda Song. Prince Royce and Romeo Santos took home three awards for their collaborations. The list is completed by another thirty artists such as Be\u00e9le, Bizarrap, Quevedo, Camila Fern\u00e1ndez, Greeicy, Farruko, Daddy Yankee, Morat, and Lola \u00cdndigo.<\/p>\n\n\n\n<p class=\"wp-block-paragraph\">A key part of the awards was the presentation of the Agents of Change\u201drecognition to Antonio Banderas, Marc Anthony, Yandel, and La Oreja de Van Gogh for their cultural impact, their community service, and their influence on different generations of Hispanic audiences. Marc Anthony celebrated the Latin race, while La Oreja de Van Gogh reminisced about their thirty years of friendship and music, during which they have grown up together and traveled the world. Yandel thanked Spain for its affection.<\/p>\n\n\n\n<p class=\"wp-block-paragraph\">The ceremony, hosted by Spaniard Jes\u00fas V\u00e1zquez, Mexican Alejandra Espinoza, and Dominican Clarissa Molina, included dozens of performances. Colombian Camilo exclusively premiered the global release of \u201c\u00c1rbol,\u201d a preview of his album \u201cFor When They Grow Up\u201d (in spanish Para cuando sean mayores). Marc Anthony performed his global anthems. Elena Rose presented \u201cSide Effects\u201d (in Spanish Efectos Secundarios), and Farruko, Juan Mag\u00e1n, and DJ Rous headlined the opening number with \u201cMarbella Nights,\u201d the official anthem of Premios Juventud 2026.<\/p>\n\n\n\n<p class=\"wp-block-paragraph\">The 2026 edition featured 50 categories recognizing artists in music, television, streaming, and pop culture, adding the new Creator category from Spain. The broadcast reached over 150 countries, gaining new audiences in Europe, Asia, and Africa, thanks to TelevisaUnivision\u2019s broadcast agreement with RTVE. PJ Fest continues with performances by Wisin and Manuel Carrasco at Starlite.<\/p>\n\n\n\n<p class=\"wp-block-paragraph\">Author: HGV\/JF<\/p>\n\n\n\n<p class=\"wp-block-paragraph\">Source: @PremiosJuventud<\/p>\n","protected":false},"excerpt":{"rendered":"<p>The first European Premios Juventud gala was held on Thursday in Marbella (M&aacute;laga), establishing Spain as a link with Europe in a night celebrating Latin music and culture. RELATED: Silvio&hellip; <\/p>\n","protected":false},"author":1,"featured_media":12928,"comment_status":"closed","ping_status":"closed","sticky":false,"template":"","format":"standard","meta":{"footnotes":""},"categories":[4],"tags":[],"ppma_author":[8],"class_list":["post-12927","post","type-post","status-publish","format-standard","has-post-thumbnail","hentry","category-cultural"],"authors":[{"term_id":8,"user_id":1,"is_guest":0,"slug":"yolaunicaquehay","display_name":"RRebeldeAdminWP","avatar_url":"https:\/\/secure.gravatar.com\/avatar\/e6145d63ff95c9a0f0e53b7149804b1faf86748d6cc15f466103269a288ea377?s=96&d=mm&r=g","author_category":"","user_url":"https:\/\/www.radiorebelde.cu\/english","last_name":"Radio Rebelde","first_name":"WebMaster","job_title":"","description":""}],"_links":{"self":[{"href":"https:\/\/www.radiorebelde.cu\/english\/wp-json\/wp\/v2\/posts\/12927","targetHints":{"allow":["GET"]}}],"collection":[{"href":"https:\/\/www.radiorebelde.cu\/english\/wp-json\/wp\/v2\/posts"}],"about":[{"href":"https:\/\/www.radiorebelde.cu\/english\/wp-json\/wp\/v2\/types\/post"}],"author":[{"embeddable":true,"href":"https:\/\/www.radiorebelde.cu\/english\/wp-json\/wp\/v2\/users\/1"}],"replies":[{"embeddable":true,"href":"https:\/\/www.radiorebelde.cu\/english\/wp-json\/wp\/v2\/comments?post=12927"}],"version-history":[{"count":1,"href":"https:\/\/www.radiorebelde.cu\/english\/wp-json\/wp\/v2\/posts\/12927\/revisions"}],"predecessor-version":[{"id":12929,"href":"https:\/\/www.radiorebelde.cu\/english\/wp-json\/wp\/v2\/posts\/12927\/revisions\/12929"}],"wp:featuredmedia":[{"embeddable":true,"href":"https:\/\/www.radiorebelde.cu\/english\/wp-json\/wp\/v2\/media\/12928"}],"wp:attachment":[{"href":"https:\/\/www.radiorebelde.cu\/english\/wp-json\/wp\/v2\/media?parent=12927"}],"wp:term":[{"taxonomy":"category","embeddable":true,"href":"https:\/\/www.radiorebelde.cu\/english\/wp-json\/wp\/v2\/categories?post=12927"},{"taxonomy":"post_tag","embeddable":true,"href":"https:\/\/www.radiorebelde.cu\/english\/wp-json\/wp\/v2\/tags?post=12927"},{"taxonomy":"author","embeddable":true,"href":"https:\/\/www.radiorebelde.cu\/english\/wp-json\/wp\/v2\/ppma_author?post=12927"}],"curies":[{"name":"wp","href":"https:\/\/api.w.org\/{rel}","templated":true}]}}