{"id":8096,"date":"2025-05-08T21:27:31","date_gmt":"2025-05-09T01:27:31","guid":{"rendered":"https:\/\/www.radiorebelde.cu\/english\/?p=8096"},"modified":"2025-05-08T21:27:33","modified_gmt":"2025-05-09T01:27:33","slug":"presidents-of-cuba-and-venezuela-pay-tribute-to-bolivar-in-russia","status":"publish","type":"post","link":"https:\/\/www.radiorebelde.cu\/english\/presidents-of-cuba-and-venezuela-pay-tribute-to-bolivar-in-russia-08052025\/","title":{"rendered":"Presidents of Cuba and Venezuela pay tribute to Bol\u00edvar in Russia"},"content":{"rendered":"\n<p>The presidents of Cuba and Venezuela, Miguel D\u00edaz-Canel and Nicol\u00e1s Maduro, respectively, paid tribute on Thursday to Liberator Sim\u00f3n Bol\u00edvar, in the square that bears his name on the central Moscow Lomon\u00f3vit Avenue.<\/p>\n\n\n\n<p>On behalf of the countries of the Bolivarian Alliance for the peoples of Our America Alba-TCP, both leaders deposited a floral offering in the equestrian sculpture of the Latin American hero.<\/p>\n\n\n\n<p>Maduro highlighted the importance he has for the nations of Latin America and the Caribbean to be present in the Euroasymatic giant in the celebrations for the 80th anniversary of the Soviet victory over Nazi Germany.<\/p>\n\n\n\n<p>In this regard, he exalted the historical and human value of the citizens of the countries of the Union of Soviet Socialist Republics for the defense of humanity by putting the lives of 27 million people to save the world of World War II.<\/p>\n\n\n\n<p>For his part, the Cuban head of state urged young Venezuelans, present at the event, who study at Russian universities, to follow the thread of history in order to be prepared for the defense of the sovereignty of nations.<\/p>\n\n\n\n<p>&#8220;To the Russian people of the Venezuelan people on the occasion of the celebration of the 240 years of the birth of the Liberator Sim\u00f3n Bol\u00edvar,&#8221; reads the pedestal installed in the same place where, in 2010, Commander Hugo Ch\u00e1vez (1954-2013) placed the first stone during his visit to Moscow.<\/p>\n\n\n\n<p>After the symbolic act both presidents filed a dialogue to analyze the course of bilateral links and the consolidation of the Cuban-Venezuelan brotherhood.<\/p>\n","protected":false},"excerpt":{"rendered":"<p>The presidents of Cuba and Venezuela, Miguel D&iacute;az-Canel and Nicol&aacute;s Maduro, respectively, paid tribute on Thursday to Liberator Sim&oacute;n Bol&iacute;var, in the square that bears his name on the central&hellip; <\/p>\n","protected":false},"author":1,"featured_media":8097,"comment_status":"closed","ping_status":"closed","sticky":false,"template":"","format":"standard","meta":{"footnotes":""},"categories":[1],"tags":[],"ppma_author":[42],"class_list":["post-8096","post","type-post","status-publish","format-standard","has-post-thumbnail","hentry","category-cuba"],"authors":[{"term_id":42,"user_id":0,"is_guest":1,"slug":"radio-habana-cuba","display_name":"Radio Habana Cuba","avatar_url":"https:\/\/secure.gravatar.com\/avatar\/?s=96&d=mm&r=g","0":null,"1":"","2":"","3":"","4":"","5":"","6":"","7":"","8":""}],"_links":{"self":[{"href":"https:\/\/www.radiorebelde.cu\/english\/wp-json\/wp\/v2\/posts\/8096","targetHints":{"allow":["GET"]}}],"collection":[{"href":"https:\/\/www.radiorebelde.cu\/english\/wp-json\/wp\/v2\/posts"}],"about":[{"href":"https:\/\/www.radiorebelde.cu\/english\/wp-json\/wp\/v2\/types\/post"}],"author":[{"embeddable":true,"href":"https:\/\/www.radiorebelde.cu\/english\/wp-json\/wp\/v2\/users\/1"}],"replies":[{"embeddable":true,"href":"https:\/\/www.radiorebelde.cu\/english\/wp-json\/wp\/v2\/comments?post=8096"}],"version-history":[{"count":1,"href":"https:\/\/www.radiorebelde.cu\/english\/wp-json\/wp\/v2\/posts\/8096\/revisions"}],"predecessor-version":[{"id":8098,"href":"https:\/\/www.radiorebelde.cu\/english\/wp-json\/wp\/v2\/posts\/8096\/revisions\/8098"}],"wp:featuredmedia":[{"embeddable":true,"href":"https:\/\/www.radiorebelde.cu\/english\/wp-json\/wp\/v2\/media\/8097"}],"wp:attachment":[{"href":"https:\/\/www.radiorebelde.cu\/english\/wp-json\/wp\/v2\/media?parent=8096"}],"wp:term":[{"taxonomy":"category","embeddable":true,"href":"https:\/\/www.radiorebelde.cu\/english\/wp-json\/wp\/v2\/categories?post=8096"},{"taxonomy":"post_tag","embeddable":true,"href":"https:\/\/www.radiorebelde.cu\/english\/wp-json\/wp\/v2\/tags?post=8096"},{"taxonomy":"author","embeddable":true,"href":"https:\/\/www.radiorebelde.cu\/english\/wp-json\/wp\/v2\/ppma_author?post=8096"}],"curies":[{"name":"wp","href":"https:\/\/api.w.org\/{rel}","templated":true}]}}