{"id":8120,"date":"2025-05-09T19:10:44","date_gmt":"2025-05-09T23:10:44","guid":{"rendered":"https:\/\/www.radiorebelde.cu\/english\/?p=8120"},"modified":"2025-05-09T19:10:45","modified_gmt":"2025-05-09T23:10:45","slug":"cuban-president-pays-tribute-to-the-unknown-soldier-in-the-kremlin","status":"publish","type":"post","link":"https:\/\/www.radiorebelde.cu\/english\/cuban-president-pays-tribute-to-the-unknown-soldier-in-the-kremlin-09052025\/","title":{"rendered":"Cuban president pays tribute to the Unknown Soldier in the Kremlin"},"content":{"rendered":"\n<p>Cuban President Miguel D\u00edaz-Canel participated, along with Russian President Vladimir Putin and other leaders present, in the wreath-laying at the Tomb of the Unknown Soldier located in the Alexander Garden, adjacent to the Western Wall of the Kremlin.<\/p>\n\n\n\n<p>At the end of the military parade in honor of the 80th anniversary of the Soviet Union&#8217;s victory over Nazi Germany in the Great Patriotic War, held in Moscow&#8217;s Red Square, the heads of state and government who responded to the invitation accompanied Russian President Vladimir Putin to pay tribute to the Unknown Soldier in the Kremlin.<\/p>\n\n\n\n<p>Among the invited officials were the President of the Bolivarian Republic of Venezuela, Nicol\u00e1s Maduro; President Xi Jinping of China; Kasim-Yomart Tokaev of Kazakhstan; Miguel D\u00edaz-Canel of Cuba; Luiz In\u00e1cio Lula da Silva of Brazil; and Aleksandar Vucic of Serbia; Ibrahim Traor\u00e9 of Burkina Faso; and Aleksandr Lukashenko of Belarus, who laid wreaths of red roses to the sound of Soviet music and the Russian anthem, silently honoring the fallen heroes.<\/p>\n\n\n\n<p>In 1966, the remains of an unidentified Soviet soldier were exhumed from a mass grave near Moscow and moved to the Alexander Garden for reburial. A year later, a memorial was unveiled there, with the Eternal Flame at its center. In 1997, an honor guard was established at the Tomb of the Unknown Soldier.<\/p>\n","protected":false},"excerpt":{"rendered":"<p>Cuban President Miguel D&iacute;az-Canel participated, along with Russian President Vladimir Putin and other leaders present, in the wreath-laying at the Tomb of the Unknown Soldier located in the Alexander Garden,&hellip; <\/p>\n","protected":false},"author":1,"featured_media":8121,"comment_status":"closed","ping_status":"closed","sticky":false,"template":"","format":"standard","meta":{"footnotes":""},"categories":[1],"tags":[],"ppma_author":[42],"class_list":["post-8120","post","type-post","status-publish","format-standard","has-post-thumbnail","hentry","category-cuba"],"authors":[{"term_id":42,"user_id":0,"is_guest":1,"slug":"radio-habana-cuba","display_name":"Radio Habana Cuba","avatar_url":"https:\/\/secure.gravatar.com\/avatar\/?s=96&d=mm&r=g","0":null,"1":"","2":"","3":"","4":"","5":"","6":"","7":"","8":""}],"_links":{"self":[{"href":"https:\/\/www.radiorebelde.cu\/english\/wp-json\/wp\/v2\/posts\/8120","targetHints":{"allow":["GET"]}}],"collection":[{"href":"https:\/\/www.radiorebelde.cu\/english\/wp-json\/wp\/v2\/posts"}],"about":[{"href":"https:\/\/www.radiorebelde.cu\/english\/wp-json\/wp\/v2\/types\/post"}],"author":[{"embeddable":true,"href":"https:\/\/www.radiorebelde.cu\/english\/wp-json\/wp\/v2\/users\/1"}],"replies":[{"embeddable":true,"href":"https:\/\/www.radiorebelde.cu\/english\/wp-json\/wp\/v2\/comments?post=8120"}],"version-history":[{"count":1,"href":"https:\/\/www.radiorebelde.cu\/english\/wp-json\/wp\/v2\/posts\/8120\/revisions"}],"predecessor-version":[{"id":8122,"href":"https:\/\/www.radiorebelde.cu\/english\/wp-json\/wp\/v2\/posts\/8120\/revisions\/8122"}],"wp:featuredmedia":[{"embeddable":true,"href":"https:\/\/www.radiorebelde.cu\/english\/wp-json\/wp\/v2\/media\/8121"}],"wp:attachment":[{"href":"https:\/\/www.radiorebelde.cu\/english\/wp-json\/wp\/v2\/media?parent=8120"}],"wp:term":[{"taxonomy":"category","embeddable":true,"href":"https:\/\/www.radiorebelde.cu\/english\/wp-json\/wp\/v2\/categories?post=8120"},{"taxonomy":"post_tag","embeddable":true,"href":"https:\/\/www.radiorebelde.cu\/english\/wp-json\/wp\/v2\/tags?post=8120"},{"taxonomy":"author","embeddable":true,"href":"https:\/\/www.radiorebelde.cu\/english\/wp-json\/wp\/v2\/ppma_author?post=8120"}],"curies":[{"name":"wp","href":"https:\/\/api.w.org\/{rel}","templated":true}]}}